{"id":716,"date":"2026-04-29T00:11:59","date_gmt":"2026-04-28T22:11:59","guid":{"rendered":"https:\/\/joyasdaterra.org\/?p=716"},"modified":"2026-04-29T01:15:36","modified_gmt":"2026-04-28T23:15:36","slug":"retiros-de-yoga-3-3","status":"publish","type":"post","link":"https:\/\/joyasdaterra.org\/index.php\/2026\/04\/29\/retiros-de-yoga-3-3\/","title":{"rendered":"Curso Imersivo Regresso \u00e0 Terra"},"content":{"rendered":"\t\t<div data-elementor-type=\"wp-post\" data-elementor-id=\"716\" class=\"elementor elementor-716\" data-elementor-post-type=\"post\">\n\t\t\t\t<div class=\"elementor-element elementor-element-97a93d4 e-flex e-con-boxed e-con e-parent\" data-id=\"97a93d4\" data-element_type=\"container\">\n\t\t\t\t\t<div class=\"e-con-inner\">\n\t\t<div class=\"elementor-element elementor-element-fe56d7a e-con-full e-flex e-con e-child\" data-id=\"fe56d7a\" data-element_type=\"container\">\n\t\t\t\t<div class=\"elementor-element elementor-element-0d81e29 elementor-widget elementor-widget-heading\" data-id=\"0d81e29\" data-element_type=\"widget\" data-widget_type=\"heading.default\">\n\t\t\t\t<div class=\"elementor-widget-container\">\n\t\t\t\t\t<h2 class=\"elementor-heading-title elementor-size-default\">Informa\u00e7\u00f5es<\/h2>\t\t\t\t<\/div>\n\t\t\t\t<\/div>\n\t\t\t\t<div class=\"elementor-element elementor-element-7748127 elementor-widget elementor-widget-text-editor\" data-id=\"7748127\" data-element_type=\"widget\" data-widget_type=\"text-editor.default\">\n\t\t\t\t<div class=\"elementor-widget-container\">\n\t\t\t\t\t\t\t\t\t<p>Datas: 8 a 13 de Setembro<\/p><p>Local: Soajo, Arcos de Valdevez<\/p><p>Pre\u00e7o:\u00a0600 Euros *<\/p><p>*se o valor for uma limita\u00e7\u00e3o entra em contacto conosco, sabemos bem o que \u00e9 e tentaremos encontrar uma forma de encontrar uma troca justa<\/p>\t\t\t\t\t\t\t\t<\/div>\n\t\t\t\t<\/div>\n\t\t\t\t<\/div>\n\t\t<div class=\"elementor-element elementor-element-b7a08db e-con-full e-flex e-con e-child\" data-id=\"b7a08db\" data-element_type=\"container\">\n\t\t\t\t<div class=\"elementor-element elementor-element-1eb723e elementor-widget elementor-widget-heading\" data-id=\"1eb723e\" data-element_type=\"widget\" data-widget_type=\"heading.default\">\n\t\t\t\t<div class=\"elementor-widget-container\">\n\t\t\t\t\t<h2 class=\"elementor-heading-title elementor-size-default\">Programa<\/h2>\t\t\t\t<\/div>\n\t\t\t\t<\/div>\n\t\t\t\t<div class=\"elementor-element elementor-element-2d48d7c elementor-widget elementor-widget-text-editor\" data-id=\"2d48d7c\" data-element_type=\"widget\" data-widget_type=\"text-editor.default\">\n\t\t\t\t<div class=\"elementor-widget-container\">\n\t\t\t\t\t\t\t\t\t<p>Vivemos num mundo acelerado, desconectado dos ritmos naturais e, muitas vezes, de n\u00f3s pr\u00f3prios.<br \/>Este curso \u00e9 um convite para abrandar, respirar e recordar uma forma de viver simples, consciente e conectada com a Terra.<\/p><p>Durante 6 dias, abrimos as portas da nossa casa, para partilhar mais do que conhecimento, uma forma de vida.<\/p><p>Aqui vais aprender sobre Permacultura e Yoga e vais viver conosco, participar no dia-a-dia da vida no campo e sentir o corpo, a natureza e a comunidade como partes do mesmo todo.\u00a0<\/p><p>Propomos uma jornada de 6 dias onde vais poder experienciar:<\/p><ul><li><p>Pr\u00e1ticas di\u00e1rias de Hatha Yoga<\/p><\/li><li><p>Aprendizagens pr\u00e1tica e te\u00f3ricas de Permacultura aplicadas<\/p><\/li><li><p>Trabalho na terra (horta, agrofloresta, constru\u00e7\u00e3o natural)<\/p><\/li><li><p>Alimenta\u00e7\u00e3o consciente, simples e nutritiva<\/p><\/li><li><p>Tempo de pausa, sil\u00eancio e contempla\u00e7\u00e3o<\/p><\/li><li><p>Vida em comunidade (cozinhar, cuidar, partilhar)<\/p><\/li><li><p>Fogueiras, m\u00fasica e momentos espont\u00e2neos<\/p><\/li><li><p>Rituais de purifica\u00e7\u00e3o e conex\u00e3o com a Terra<\/p><\/li><li><p>Espa\u00e7o para expressares os teus dons<\/p><\/li><\/ul><p><strong>Dia 1<\/strong> \u2014 <strong>Chegar ao Ritmo da Terra<\/strong><\/p><p>Abrimos espa\u00e7o para desacelerar. Caminhamos pela quinta, partilhamos a hist\u00f3ria do lugar e criamos o primeiro contacto com o grupo. A pr\u00e1tica de yoga \u00e9 suave, focada em aterrar e chegar ao corpo.<\/p><p>\u00c0 noite, reunimo-nos \u00e0 volta da fogueira para partilhar inten\u00e7\u00f5es.<\/p><p class=\"western\"><strong>Dia 2 \u2014 Aprender a Ver<\/strong><\/p><p>A Permacultura come\u00e7a com a observa\u00e7\u00e3o.\u00a0Exploramos os sistemas da quinta como exemplos vivos \u2014 \u00e1gua, solo, plantas, energia. Aprendemos a \u201cler\u201d a paisagem e a compreender os padr\u00f5es naturais.<\/p><p>O corpo acompanha com uma pr\u00e1tica de yoga est\u00e1vel e consciente.<\/p><p class=\"western\"><strong>Dia 3 \u2014 Trabalho com Sentido<\/strong><\/p><p>Entramos na experi\u00eancia da vida real na terra.\u00a0Participamos em tarefas da quinta \u2014 plantar, colher, construir, cuidar.<br \/>N\u00e3o como exerc\u00edcio, mas como pr\u00e1tica viva de comunidade.<\/p><p>Preparamos juntos uma refei\u00e7\u00e3o com o que a terra nos oferece.<\/p><p class=\"western\"><strong>Dia 4 \u2014 Purifica\u00e7\u00e3o e Fluxo<\/strong><\/p><p>Exploramos o elemento \u00e1gua, dentro e fora.\u00a0Visitamos sistemas de gest\u00e3o de \u00e1gua e refletimos sobre fluxo, emo\u00e7\u00e3o e limpeza interna.<br \/>A tarde convida ao sil\u00eancio e \u00e0 introspe\u00e7\u00e3o.<\/p><p>O dia culmina com um ritual ancestral de purifica\u00e7\u00e3o profunda.<\/p><p class=\"western\"><strong>Dia 5 \u2014 Express\u00e3o e Comunidade<\/strong><\/p><p>Abrimos espa\u00e7o para a autenticidade.\u00a0Participamos num projeto coletivo na quinta \u2014 deixando uma marca viva no espa\u00e7o. Preparamos a noite de partilha de dons.<\/p><p>\u00c0 volta da fogueira, cada pessoa \u00e9 convidada a expressar-se: m\u00fasica, dan\u00e7a, poesia, sil\u00eancio.<\/p><p class=\"western\"><strong>Dia 6 \u2014 Integra\u00e7\u00e3o<\/strong><\/p><p>Fechamos o ciclo com consci\u00eancia.\u00a0Refletimos sobre o vivido e exploramos formas de integrar esta experi\u00eancia no dia-a-dia. Criamos pequenos compromissos pessoais para uma vida mais alinhada com a natureza.<\/p><p>Encerramos com um c\u00edrculo final e um ritual de despedida.<\/p><p>\u00a0<\/p>\t\t\t\t\t\t\t\t<\/div>\n\t\t\t\t<\/div>\n\t\t\t\t<\/div>\n\t\t\t\t\t<\/div>\n\t\t\t\t<\/div>\n\t\t<div class=\"elementor-element elementor-element-b2705c2 e-flex e-con-boxed e-con e-parent\" data-id=\"b2705c2\" data-element_type=\"container\">\n\t\t\t\t\t<div class=\"e-con-inner\">\n\t\t<div class=\"elementor-element elementor-element-d9a0509 e-con-full e-flex e-con e-child\" data-id=\"d9a0509\" data-element_type=\"container\">\n\t\t\t\t<div class=\"elementor-element elementor-element-c76e68a elementor-widget elementor-widget-image\" data-id=\"c76e68a\" data-element_type=\"widget\" data-widget_type=\"image.default\">\n\t\t\t\t<div class=\"elementor-widget-container\">\n\t\t\t\t\t\t\t\t\t\t\t\t\t\t\t<img fetchpriority=\"high\" decoding=\"async\" width=\"580\" height=\"580\" src=\"https:\/\/joyasdaterra.org\/wp-content\/uploads\/2025\/04\/WhatsApp-Image-2026-04-24-at-22.15.53-1024x1024.jpeg\" class=\"attachment-large size-large wp-image-715\" alt=\"\" srcset=\"https:\/\/joyasdaterra.org\/wp-content\/uploads\/2025\/04\/WhatsApp-Image-2026-04-24-at-22.15.53-1024x1024.jpeg 1024w, https:\/\/joyasdaterra.org\/wp-content\/uploads\/2025\/04\/WhatsApp-Image-2026-04-24-at-22.15.53-300x300.jpeg 300w, https:\/\/joyasdaterra.org\/wp-content\/uploads\/2025\/04\/WhatsApp-Image-2026-04-24-at-22.15.53-150x150.jpeg 150w, https:\/\/joyasdaterra.org\/wp-content\/uploads\/2025\/04\/WhatsApp-Image-2026-04-24-at-22.15.53-768x768.jpeg 768w, https:\/\/joyasdaterra.org\/wp-content\/uploads\/2025\/04\/WhatsApp-Image-2026-04-24-at-22.15.53-1536x1536.jpeg 1536w, https:\/\/joyasdaterra.org\/wp-content\/uploads\/2025\/04\/WhatsApp-Image-2026-04-24-at-22.15.53-1200x1200.jpeg 1200w, https:\/\/joyasdaterra.org\/wp-content\/uploads\/2025\/04\/WhatsApp-Image-2026-04-24-at-22.15.53.jpeg 1600w\" sizes=\"(max-width: 580px) 100vw, 580px\" \/>\t\t\t\t\t\t\t\t\t\t\t\t\t\t\t<\/div>\n\t\t\t\t<\/div>\n\t\t\t\t<div class=\"elementor-element elementor-element-c92146c elementor-widget elementor-widget-text-editor\" data-id=\"c92146c\" data-element_type=\"widget\" data-widget_type=\"text-editor.default\">\n\t\t\t\t<div class=\"elementor-widget-container\">\n\t\t\t\t\t\t\t\t\t<p><b>P\u00fablico Alvo &#8211;\u00a0<\/b>Este curso \u00e9 direcionado para quem sente vontade de viver de forma mais simples e consciente, quem pretende aprofundar a sua rela\u00e7\u00e3o com a natureza, cuidar do corpo e da mente, aprender em contexto real com a pr\u00e1tica e experienciando a vida em comunidade de forma aut\u00eantica.<\/p><p>N\u00e3o \u00e9 necess\u00e1rio ter experi\u00eancia pr\u00e9via em Yoga ou Permacultura.<\/p>\t\t\t\t\t\t\t\t<\/div>\n\t\t\t\t<\/div>\n\t\t\t\t<\/div>\n\t\t<div class=\"elementor-element elementor-element-4199e25 e-con-full e-flex e-con e-child\" data-id=\"4199e25\" data-element_type=\"container\">\n\t\t\t\t<div class=\"elementor-element elementor-element-1e5d0f3 elementor-widget elementor-widget-image\" data-id=\"1e5d0f3\" data-element_type=\"widget\" data-widget_type=\"image.default\">\n\t\t\t\t<div class=\"elementor-widget-container\">\n\t\t\t\t\t\t\t\t\t\t\t\t\t\t\t<img decoding=\"async\" width=\"580\" height=\"582\" src=\"https:\/\/joyasdaterra.org\/wp-content\/uploads\/2026\/04\/WhatsApp-Image-2026-04-24-at-22.16.22-1020x1024.jpeg\" class=\"attachment-large size-large wp-image-722\" alt=\"\" srcset=\"https:\/\/joyasdaterra.org\/wp-content\/uploads\/2026\/04\/WhatsApp-Image-2026-04-24-at-22.16.22-1020x1024.jpeg 1020w, https:\/\/joyasdaterra.org\/wp-content\/uploads\/2026\/04\/WhatsApp-Image-2026-04-24-at-22.16.22-300x300.jpeg 300w, https:\/\/joyasdaterra.org\/wp-content\/uploads\/2026\/04\/WhatsApp-Image-2026-04-24-at-22.16.22-150x150.jpeg 150w, https:\/\/joyasdaterra.org\/wp-content\/uploads\/2026\/04\/WhatsApp-Image-2026-04-24-at-22.16.22-768x771.jpeg 768w, https:\/\/joyasdaterra.org\/wp-content\/uploads\/2026\/04\/WhatsApp-Image-2026-04-24-at-22.16.22-1530x1536.jpeg 1530w, https:\/\/joyasdaterra.org\/wp-content\/uploads\/2026\/04\/WhatsApp-Image-2026-04-24-at-22.16.22-1200x1205.jpeg 1200w, https:\/\/joyasdaterra.org\/wp-content\/uploads\/2026\/04\/WhatsApp-Image-2026-04-24-at-22.16.22.jpeg 1594w\" sizes=\"(max-width: 580px) 100vw, 580px\" \/>\t\t\t\t\t\t\t\t\t\t\t\t\t\t\t<\/div>\n\t\t\t\t<\/div>\n\t\t\t\t<div class=\"elementor-element elementor-element-49b4ed0 elementor-widget elementor-widget-text-editor\" data-id=\"49b4ed0\" data-element_type=\"widget\" data-widget_type=\"text-editor.default\">\n\t\t\t\t<div class=\"elementor-widget-container\">\n\t\t\t\t\t\t\t\t\t<p><strong>Curso Imersivo<\/strong> &#8211; Este n\u00e3o \u00e9 um retiro tradicional nem uma forma\u00e7\u00e3o. \u00c9 uma imers\u00e3o de Regresso \u00e0 Terra, onde corpo, terra e comunidade se encontram.<\/p><p>Um espa\u00e7o para recordar que fazemos parte da natureza e que podemos viver em maior harmonia com ela.<\/p>\t\t\t\t\t\t\t\t<\/div>\n\t\t\t\t<\/div>\n\t\t\t\t<\/div>\n\t\t<div class=\"elementor-element elementor-element-4bba95a e-con-full e-flex e-con e-child\" data-id=\"4bba95a\" data-element_type=\"container\">\n\t\t\t\t<div class=\"elementor-element elementor-element-7215b41 elementor-widget elementor-widget-image\" data-id=\"7215b41\" data-element_type=\"widget\" data-widget_type=\"image.default\">\n\t\t\t\t<div class=\"elementor-widget-container\">\n\t\t\t\t\t\t\t\t\t\t\t\t\t\t\t<img decoding=\"async\" width=\"580\" height=\"582\" src=\"https:\/\/joyasdaterra.org\/wp-content\/uploads\/2026\/04\/WhatsApp-Image-2026-04-24-at-22.16.49-1020x1024.jpeg\" class=\"attachment-large size-large wp-image-721\" alt=\"\" srcset=\"https:\/\/joyasdaterra.org\/wp-content\/uploads\/2026\/04\/WhatsApp-Image-2026-04-24-at-22.16.49-1020x1024.jpeg 1020w, https:\/\/joyasdaterra.org\/wp-content\/uploads\/2026\/04\/WhatsApp-Image-2026-04-24-at-22.16.49-300x300.jpeg 300w, https:\/\/joyasdaterra.org\/wp-content\/uploads\/2026\/04\/WhatsApp-Image-2026-04-24-at-22.16.49-150x150.jpeg 150w, https:\/\/joyasdaterra.org\/wp-content\/uploads\/2026\/04\/WhatsApp-Image-2026-04-24-at-22.16.49-768x771.jpeg 768w, https:\/\/joyasdaterra.org\/wp-content\/uploads\/2026\/04\/WhatsApp-Image-2026-04-24-at-22.16.49-1530x1536.jpeg 1530w, https:\/\/joyasdaterra.org\/wp-content\/uploads\/2026\/04\/WhatsApp-Image-2026-04-24-at-22.16.49-1200x1205.jpeg 1200w, https:\/\/joyasdaterra.org\/wp-content\/uploads\/2026\/04\/WhatsApp-Image-2026-04-24-at-22.16.49.jpeg 1594w\" sizes=\"(max-width: 580px) 100vw, 580px\" \/>\t\t\t\t\t\t\t\t\t\t\t\t\t\t\t<\/div>\n\t\t\t\t<\/div>\n\t\t\t\t<div class=\"elementor-element elementor-element-972c20c elementor-widget elementor-widget-text-editor\" data-id=\"972c20c\" data-element_type=\"widget\" data-widget_type=\"text-editor.default\">\n\t\t\t\t<div class=\"elementor-widget-container\">\n\t\t\t\t\t\t\t\t\t<p><b>O que est\u00e1 inclu\u00eddo <\/b>&#8211; Todas as dormidas, alimenta\u00e7\u00e3o e atividades. Aqui o conforto \u00e9 essencial mas n\u00e3o \u00e9 excessivo. O alojamento \u00e9 em bell tents, umas tendas de camping muito bonitas que permitem ter a Natureza sempre presente. A alimenta\u00e7\u00e3o \u00e9 vegetariana e biol\u00f3gica, tanto quanto poss\u00edvel com ingredientes fresquinhos que v\u00eam da nossa horta e o dia a dia faz-se com calma, na paz que o lugar nos transmite e permite vivenciar.\u00a0<\/p>\t\t\t\t\t\t\t\t<\/div>\n\t\t\t\t<\/div>\n\t\t\t\t<\/div>\n\t\t\t\t\t<\/div>\n\t\t\t\t<\/div>\n\t\t<div class=\"elementor-element elementor-element-69aa95a e-flex e-con-boxed e-con e-parent\" data-id=\"69aa95a\" data-element_type=\"container\">\n\t\t\t\t\t<div class=\"e-con-inner\">\n\t\t\t\t<div class=\"elementor-element elementor-element-b44d77b elementor-widget elementor-widget-heading\" data-id=\"b44d77b\" data-element_type=\"widget\" data-widget_type=\"heading.default\">\n\t\t\t\t<div class=\"elementor-widget-container\">\n\t\t\t\t\t<h2 class=\"elementor-heading-title elementor-size-default\">Inscri\u00e7\u00f5es<\/h2>\t\t\t\t<\/div>\n\t\t\t\t<\/div>\n\t\t\t\t<div class=\"elementor-element elementor-element-5246413 elementor-widget elementor-widget-text-editor\" data-id=\"5246413\" data-element_type=\"widget\" data-widget_type=\"text-editor.default\">\n\t\t\t\t<div class=\"elementor-widget-container\">\n\t\t\t\t\t\t\t\t\t<p>Joyasdaterra@gmail.com<\/p>\t\t\t\t\t\t\t\t<\/div>\n\t\t\t\t<\/div>\n\t\t\t\t\t<\/div>\n\t\t\t\t<\/div>\n\t\t<div class=\"elementor-element elementor-element-f992a06 e-flex e-con-boxed e-con e-parent\" data-id=\"f992a06\" data-element_type=\"container\">\n\t\t\t\t\t<div class=\"e-con-inner\">\n\t\t\t\t\t<\/div>\n\t\t\t\t<\/div>\n\t\t<div class=\"elementor-element elementor-element-2727110 e-flex e-con-boxed e-con e-parent\" data-id=\"2727110\" data-element_type=\"container\">\n\t\t\t\t\t<div class=\"e-con-inner\">\n\t\t\t\t\t<\/div>\n\t\t\t\t<\/div>\n\t\t\t\t<\/div>\n\t\t","protected":false},"excerpt":{"rendered":"<p>2026, Yoga, Permacultura, Natureza,Comunidade, M\u00fasica, Fogueira, Vida Boa<\/p>\n","protected":false},"author":1,"featured_media":733,"comment_status":"closed","ping_status":"open","sticky":false,"template":"","format":"standard","meta":{"footnotes":""},"categories":[8,9,10],"tags":[],"class_list":["post-716","post","type-post","status-publish","format-standard","has-post-thumbnail","hentry","category-actividades","category-curso","category-retiro"],"_links":{"self":[{"href":"https:\/\/joyasdaterra.org\/index.php\/wp-json\/wp\/v2\/posts\/716","targetHints":{"allow":["GET"]}}],"collection":[{"href":"https:\/\/joyasdaterra.org\/index.php\/wp-json\/wp\/v2\/posts"}],"about":[{"href":"https:\/\/joyasdaterra.org\/index.php\/wp-json\/wp\/v2\/types\/post"}],"author":[{"embeddable":true,"href":"https:\/\/joyasdaterra.org\/index.php\/wp-json\/wp\/v2\/users\/1"}],"replies":[{"embeddable":true,"href":"https:\/\/joyasdaterra.org\/index.php\/wp-json\/wp\/v2\/comments?post=716"}],"version-history":[{"count":18,"href":"https:\/\/joyasdaterra.org\/index.php\/wp-json\/wp\/v2\/posts\/716\/revisions"}],"predecessor-version":[{"id":739,"href":"https:\/\/joyasdaterra.org\/index.php\/wp-json\/wp\/v2\/posts\/716\/revisions\/739"}],"wp:featuredmedia":[{"embeddable":true,"href":"https:\/\/joyasdaterra.org\/index.php\/wp-json\/wp\/v2\/media\/733"}],"wp:attachment":[{"href":"https:\/\/joyasdaterra.org\/index.php\/wp-json\/wp\/v2\/media?parent=716"}],"wp:term":[{"taxonomy":"category","embeddable":true,"href":"https:\/\/joyasdaterra.org\/index.php\/wp-json\/wp\/v2\/categories?post=716"},{"taxonomy":"post_tag","embeddable":true,"href":"https:\/\/joyasdaterra.org\/index.php\/wp-json\/wp\/v2\/tags?post=716"}],"curies":[{"name":"wp","href":"https:\/\/api.w.org\/{rel}","templated":true}]}}